{"id":7738,"date":"2024-02-12T11:09:45","date_gmt":"2024-02-12T10:09:45","guid":{"rendered":"https:\/\/www.prepas-fabert.com\/cpge\/?p=7738"},"modified":"2024-02-12T11:14:31","modified_gmt":"2024-02-12T10:14:31","slug":"visite-du-campus-arts-et-metiers-de-metz-par-les-etudiantes-de-psi","status":"publish","type":"post","link":"https:\/\/www.prepas-fabert.com\/cpge\/visite-du-campus-arts-et-metiers-de-metz-par-les-etudiantes-de-psi\/","title":{"rendered":"Visite du campus Arts et M\u00e9tiers de METZ par les \u00e9tudiant(e)s de PSI*"},"content":{"rendered":"<div class=\"wpb-content-wrapper\">[vc_row][vc_column][vc_column_text css_animation=\u00a0\u00bbfadeInUp\u00a0\u00bb css=\u00a0\u00bb.vc_custom_1707732413315{margin-top: 20px !important;}\u00a0\u00bb]Le 02\/02\/2024, les \u00e9tudiantes et \u00e9tudiants des CPGE du Lyc\u00e9e Fabert ont pu participer \u00e0 la JPO des <strong>Arts &amp; M\u00e9tiers Paris Tech<\/strong> Centre de Metz.<\/p>\n<p style=\"text-align: justify;\">L\u2019apr\u00e8s-midi a commenc\u00e9 en grand amphi par une pr\u00e9sentation du campus et des formations dispens\u00e9es aux Arts et M\u00e9tiers par Monsieur <strong>Christophe Lescalier<\/strong> enseignant chercheur et a \u00e9t\u00e9 suivie de celle des BDE par des \u00e9l\u00e8ves ing\u00e9nieurs. Ensuite, nos \u00e9tudiants de PSI* ont pu visiter les ateliers, le laboratoire d\u2019\u00e9tude des mat\u00e9riaux, le centre de documentation o\u00f9 des enseignants et \u00e9l\u00e8ves-ing\u00e9nieurs pr\u00e9sentaient diff\u00e9rentes activit\u00e9s (forge, microscope \u00e0 balayage, etc.).<\/p>\n<p style=\"text-align: justify;\">Cette demi-journ\u00e9e s\u2019est termin\u00e9e par une discussion ouverte avec des \u00e9l\u00e8ves-ing\u00e9nieurs qui ont r\u00e9pondu aux multiples questions. Merci encore \u00e0 eux.<\/p>\n[\/vc_column_text][vc_video link=\u00a0\u00bbhttps:\/\/youtu.be\/2RcDaSQQaXY\u00a0\u00bb][vc_row_inner][vc_column_inner][vc_media_grid style=\u00a0\u00bbpagination\u00a0\u00bb items_per_page=\u00a0\u00bb6&Prime; grid_id=\u00a0\u00bbvc_gid:1707725330099-ad7a25f6-4158-6&Prime; include=\u00a0\u00bb7740,7741,7742&Prime;][\/vc_column_inner][\/vc_row_inner][\/vc_column][\/vc_row]\n<\/div>","protected":false},"excerpt":{"rendered":"<p>D\u00e9couverte d&rsquo;une \u00c9cole d&rsquo;Ing\u00e9nieurs : les \u00e9tudiantes et \u00e9tudiants du Lyc\u00e9e Fabert ont pu participer \u00e0 la JPO des Arts &#038; M\u00e9tiers ParisTech.<\/p>\n","protected":false},"author":1,"featured_media":7744,"comment_status":"closed","ping_status":"closed","sticky":false,"template":"","format":"standard","meta":{"footnotes":""},"categories":[31],"tags":[],"class_list":["post-7738","post","type-post","status-publish","format-standard","has-post-thumbnail","hentry","category-actualites"],"yoast_head":"<!-- This site is optimized with the Yoast SEO plugin v27.5 - https:\/\/yoast.com\/product\/yoast-seo-wordpress\/ -->\n<title>Visite du campus Arts et M\u00e9tiers de METZ par les \u00e9tudiant(e)s de PSI* - CPGE du lyc\u00e9e Fabert (METZ)<\/title>\n<meta name=\"description\" content=\"D\u00e9couverte d&#039;une \u00c9cole d&#039;Ing\u00e9nieurs : les \u00e9tudiantes et \u00e9tudiants du Lyc\u00e9e Fabert ont pu participer \u00e0 la JPO des Arts &amp; M\u00e9tiers ParisTech.\" \/>\n<meta name=\"robots\" content=\"index, follow, max-snippet:-1, max-image-preview:large, max-video-preview:-1\" \/>\n<link rel=\"canonical\" href=\"https:\/\/www.prepas-fabert.com\/cpge\/visite-du-campus-arts-et-metiers-de-metz-par-les-etudiantes-de-psi\/\" \/>\n<meta property=\"og:locale\" content=\"fr_FR\" \/>\n<meta property=\"og:type\" content=\"article\" \/>\n<meta property=\"og:title\" content=\"Visite du campus Arts et M\u00e9tiers de METZ par les \u00e9tudiant(e)s de PSI*\" \/>\n<meta property=\"og:description\" content=\"D\u00e9couverte d&#039;une \u00c9cole d&#039;Ing\u00e9nieurs : les \u00e9tudiantes et \u00e9tudiants du Lyc\u00e9e Fabert ont pu participer \u00e0 la JPO des Arts &amp; M\u00e9tiers ParisTech.\" \/>\n<meta property=\"og:url\" content=\"https:\/\/www.prepas-fabert.com\/cpge\/visite-du-campus-arts-et-metiers-de-metz-par-les-etudiantes-de-psi\/\" \/>\n<meta property=\"og:site_name\" content=\"Classes Pr\u00e9paratoires aux Grandes Ecoles - Lyc\u00e9e Fabert (Metz)\" \/>\n<meta property=\"article:publisher\" content=\"https:\/\/www.facebook.com\/cpgefabert\/\" \/>\n<meta property=\"article:published_time\" content=\"2024-02-12T10:09:45+00:00\" \/>\n<meta property=\"article:modified_time\" content=\"2024-02-12T10:14:31+00:00\" \/>\n<meta property=\"og:image\" content=\"https:\/\/www.prepas-fabert.com\/cpge\/wp-content\/uploads\/2024\/02\/project_image_182_image_fr2.jpg\" \/>\n\t<meta property=\"og:image:width\" content=\"2050\" \/>\n\t<meta property=\"og:image:height\" content=\"1166\" \/>\n\t<meta property=\"og:image:type\" content=\"image\/jpeg\" \/>\n<meta name=\"author\" content=\"Laurent PARISE\" \/>\n<meta name=\"twitter:card\" content=\"summary_large_image\" \/>\n<meta name=\"twitter:title\" content=\"Visite du campus Arts et M\u00e9tiers de METZ par les \u00e9tudiant(e)s de PSI*\" \/>\n<meta name=\"twitter:description\" content=\"D\u00e9couverte d&#039;une \u00c9cole d&#039;Ing\u00e9nieurs : les \u00e9tudiantes et \u00e9tudiants du Lyc\u00e9e Fabert ont pu participer \u00e0 la JPO des Arts &amp; M\u00e9tiers ParisTech.\" \/>\n<meta name=\"twitter:image\" content=\"https:\/\/www.prepas-fabert.com\/cpge\/wp-content\/uploads\/2024\/02\/project_image_182_image_fr2.jpg\" \/>\n<meta name=\"twitter:creator\" content=\"@CPGEFabert\" \/>\n<meta name=\"twitter:site\" content=\"@CPGEFabert\" \/>\n<meta name=\"twitter:label1\" content=\"\u00c9crit par\" \/>\n\t<meta name=\"twitter:data1\" content=\"Laurent PARISE\" \/>\n\t<meta name=\"twitter:label2\" content=\"Dur\u00e9e de lecture estim\u00e9e\" \/>\n\t<meta name=\"twitter:data2\" content=\"1 minute\" \/>\n<script type=\"application\/ld+json\" class=\"yoast-schema-graph\">{\"@context\":\"https:\\\/\\\/schema.org\",\"@graph\":[{\"@type\":\"Article\",\"@id\":\"https:\\\/\\\/www.prepas-fabert.com\\\/cpge\\\/visite-du-campus-arts-et-metiers-de-metz-par-les-etudiantes-de-psi\\\/#article\",\"isPartOf\":{\"@id\":\"https:\\\/\\\/www.prepas-fabert.com\\\/cpge\\\/visite-du-campus-arts-et-metiers-de-metz-par-les-etudiantes-de-psi\\\/\"},\"author\":{\"name\":\"Laurent PARISE\",\"@id\":\"https:\\\/\\\/www.prepas-fabert.com\\\/cpge\\\/#\\\/schema\\\/person\\\/9989bc5c1ced64a924cefb9b14b6093e\"},\"headline\":\"Visite du campus Arts et M\u00e9tiers de METZ par les \u00e9tudiant(e)s de PSI*\",\"datePublished\":\"2024-02-12T10:09:45+00:00\",\"dateModified\":\"2024-02-12T10:14:31+00:00\",\"mainEntityOfPage\":{\"@id\":\"https:\\\/\\\/www.prepas-fabert.com\\\/cpge\\\/visite-du-campus-arts-et-metiers-de-metz-par-les-etudiantes-de-psi\\\/\"},\"wordCount\":210,\"publisher\":{\"@id\":\"https:\\\/\\\/www.prepas-fabert.com\\\/cpge\\\/#organization\"},\"image\":{\"@id\":\"https:\\\/\\\/www.prepas-fabert.com\\\/cpge\\\/visite-du-campus-arts-et-metiers-de-metz-par-les-etudiantes-de-psi\\\/#primaryimage\"},\"thumbnailUrl\":\"https:\\\/\\\/www.prepas-fabert.com\\\/cpge\\\/wp-content\\\/uploads\\\/2024\\\/02\\\/AetMMetz.webp\",\"articleSection\":[\"Actualit\u00e9s\"],\"inLanguage\":\"fr-FR\"},{\"@type\":\"WebPage\",\"@id\":\"https:\\\/\\\/www.prepas-fabert.com\\\/cpge\\\/visite-du-campus-arts-et-metiers-de-metz-par-les-etudiantes-de-psi\\\/\",\"url\":\"https:\\\/\\\/www.prepas-fabert.com\\\/cpge\\\/visite-du-campus-arts-et-metiers-de-metz-par-les-etudiantes-de-psi\\\/\",\"name\":\"Visite du campus Arts et M\u00e9tiers de METZ par les \u00e9tudiant(e)s de PSI* - CPGE du lyc\u00e9e Fabert (METZ)\",\"isPartOf\":{\"@id\":\"https:\\\/\\\/www.prepas-fabert.com\\\/cpge\\\/#website\"},\"primaryImageOfPage\":{\"@id\":\"https:\\\/\\\/www.prepas-fabert.com\\\/cpge\\\/visite-du-campus-arts-et-metiers-de-metz-par-les-etudiantes-de-psi\\\/#primaryimage\"},\"image\":{\"@id\":\"https:\\\/\\\/www.prepas-fabert.com\\\/cpge\\\/visite-du-campus-arts-et-metiers-de-metz-par-les-etudiantes-de-psi\\\/#primaryimage\"},\"thumbnailUrl\":\"https:\\\/\\\/www.prepas-fabert.com\\\/cpge\\\/wp-content\\\/uploads\\\/2024\\\/02\\\/AetMMetz.webp\",\"datePublished\":\"2024-02-12T10:09:45+00:00\",\"dateModified\":\"2024-02-12T10:14:31+00:00\",\"description\":\"D\u00e9couverte d'une \u00c9cole d'Ing\u00e9nieurs : les \u00e9tudiantes et \u00e9tudiants du Lyc\u00e9e Fabert ont pu participer \u00e0 la JPO des Arts & M\u00e9tiers ParisTech.\",\"breadcrumb\":{\"@id\":\"https:\\\/\\\/www.prepas-fabert.com\\\/cpge\\\/visite-du-campus-arts-et-metiers-de-metz-par-les-etudiantes-de-psi\\\/#breadcrumb\"},\"inLanguage\":\"fr-FR\",\"potentialAction\":[{\"@type\":\"ReadAction\",\"target\":[\"https:\\\/\\\/www.prepas-fabert.com\\\/cpge\\\/visite-du-campus-arts-et-metiers-de-metz-par-les-etudiantes-de-psi\\\/\"]}]},{\"@type\":\"ImageObject\",\"inLanguage\":\"fr-FR\",\"@id\":\"https:\\\/\\\/www.prepas-fabert.com\\\/cpge\\\/visite-du-campus-arts-et-metiers-de-metz-par-les-etudiantes-de-psi\\\/#primaryimage\",\"url\":\"https:\\\/\\\/www.prepas-fabert.com\\\/cpge\\\/wp-content\\\/uploads\\\/2024\\\/02\\\/AetMMetz.webp\",\"contentUrl\":\"https:\\\/\\\/www.prepas-fabert.com\\\/cpge\\\/wp-content\\\/uploads\\\/2024\\\/02\\\/AetMMetz.webp\",\"width\":1600,\"height\":936},{\"@type\":\"BreadcrumbList\",\"@id\":\"https:\\\/\\\/www.prepas-fabert.com\\\/cpge\\\/visite-du-campus-arts-et-metiers-de-metz-par-les-etudiantes-de-psi\\\/#breadcrumb\",\"itemListElement\":[{\"@type\":\"ListItem\",\"position\":1,\"name\":\"Accueil\",\"item\":\"https:\\\/\\\/www.prepas-fabert.com\\\/cpge\\\/\"},{\"@type\":\"ListItem\",\"position\":2,\"name\":\"Actualit\u00e9s\",\"item\":\"https:\\\/\\\/www.prepas-fabert.com\\\/cpge\\\/category\\\/actualites\\\/\"},{\"@type\":\"ListItem\",\"position\":3,\"name\":\"Visite du campus Arts et M\u00e9tiers de METZ par les \u00e9tudiant(e)s de PSI*\"}]},{\"@type\":\"WebSite\",\"@id\":\"https:\\\/\\\/www.prepas-fabert.com\\\/cpge\\\/#website\",\"url\":\"https:\\\/\\\/www.prepas-fabert.com\\\/cpge\\\/\",\"name\":\"Classes Pr\u00e9paratoires aux Grandes Ecoles - Lyc\u00e9e Fabert (Metz)\",\"description\":\"Classes pr\u00e9pas scientifiques et \u00e9conomiques en Lorraine\",\"publisher\":{\"@id\":\"https:\\\/\\\/www.prepas-fabert.com\\\/cpge\\\/#organization\"},\"potentialAction\":[{\"@type\":\"SearchAction\",\"target\":{\"@type\":\"EntryPoint\",\"urlTemplate\":\"https:\\\/\\\/www.prepas-fabert.com\\\/cpge\\\/?s={search_term_string}\"},\"query-input\":{\"@type\":\"PropertyValueSpecification\",\"valueRequired\":true,\"valueName\":\"search_term_string\"}}],\"inLanguage\":\"fr-FR\"},{\"@type\":\"Organization\",\"@id\":\"https:\\\/\\\/www.prepas-fabert.com\\\/cpge\\\/#organization\",\"name\":\"CPGE du lyc\u00e9e Fabert (METZ)\",\"url\":\"https:\\\/\\\/www.prepas-fabert.com\\\/cpge\\\/\",\"logo\":{\"@type\":\"ImageObject\",\"inLanguage\":\"fr-FR\",\"@id\":\"https:\\\/\\\/www.prepas-fabert.com\\\/cpge\\\/#\\\/schema\\\/logo\\\/image\\\/\",\"url\":\"https:\\\/\\\/www.prepas-fabert.com\\\/cpge\\\/wp-content\\\/uploads\\\/2023\\\/03\\\/CPGEFABERT-2.png\",\"contentUrl\":\"https:\\\/\\\/www.prepas-fabert.com\\\/cpge\\\/wp-content\\\/uploads\\\/2023\\\/03\\\/CPGEFABERT-2.png\",\"width\":750,\"height\":750,\"caption\":\"CPGE du lyc\u00e9e Fabert (METZ)\"},\"image\":{\"@id\":\"https:\\\/\\\/www.prepas-fabert.com\\\/cpge\\\/#\\\/schema\\\/logo\\\/image\\\/\"},\"sameAs\":[\"https:\\\/\\\/www.facebook.com\\\/cpgefabert\\\/\",\"https:\\\/\\\/x.com\\\/CPGEFabert\",\"https:\\\/\\\/www.linkedin.com\\\/company\\\/lyc\u00e9e-fabert-metz-57\\\/mycompany\\\/\",\"https:\\\/\\\/www.youtube.com\\\/user\\\/CPGEfabert\\\/\",\"https:\\\/\\\/www.instagram.com\\\/cpgefabert\\\/\"]},{\"@type\":\"Person\",\"@id\":\"https:\\\/\\\/www.prepas-fabert.com\\\/cpge\\\/#\\\/schema\\\/person\\\/9989bc5c1ced64a924cefb9b14b6093e\",\"name\":\"Laurent PARISE\",\"image\":{\"@type\":\"ImageObject\",\"inLanguage\":\"fr-FR\",\"@id\":\"https:\\\/\\\/www.prepas-fabert.com\\\/cpge\\\/wp-content\\\/uploads\\\/2025\\\/06\\\/cropped-P2tourne2425-96x96.gif\",\"url\":\"https:\\\/\\\/www.prepas-fabert.com\\\/cpge\\\/wp-content\\\/uploads\\\/2025\\\/06\\\/cropped-P2tourne2425-96x96.gif\",\"contentUrl\":\"https:\\\/\\\/www.prepas-fabert.com\\\/cpge\\\/wp-content\\\/uploads\\\/2025\\\/06\\\/cropped-P2tourne2425-96x96.gif\",\"caption\":\"Laurent PARISE\"},\"sameAs\":[\"https:\\\/\\\/www.prepas-fabert.com\\\/cpge\"],\"url\":\"https:\\\/\\\/www.prepas-fabert.com\\\/cpge\\\/author\\\/mathematica\\\/\"}]}<\/script>\n<!-- \/ Yoast SEO plugin. -->","yoast_head_json":{"title":"Visite du campus Arts et M\u00e9tiers de METZ par les \u00e9tudiant(e)s de PSI* - CPGE du lyc\u00e9e Fabert (METZ)","description":"D\u00e9couverte d'une \u00c9cole d'Ing\u00e9nieurs : les \u00e9tudiantes et \u00e9tudiants du Lyc\u00e9e Fabert ont pu participer \u00e0 la JPO des Arts & M\u00e9tiers ParisTech.","robots":{"index":"index","follow":"follow","max-snippet":"max-snippet:-1","max-image-preview":"max-image-preview:large","max-video-preview":"max-video-preview:-1"},"canonical":"https:\/\/www.prepas-fabert.com\/cpge\/visite-du-campus-arts-et-metiers-de-metz-par-les-etudiantes-de-psi\/","og_locale":"fr_FR","og_type":"article","og_title":"Visite du campus Arts et M\u00e9tiers de METZ par les \u00e9tudiant(e)s de PSI*","og_description":"D\u00e9couverte d'une \u00c9cole d'Ing\u00e9nieurs : les \u00e9tudiantes et \u00e9tudiants du Lyc\u00e9e Fabert ont pu participer \u00e0 la JPO des Arts & M\u00e9tiers ParisTech.","og_url":"https:\/\/www.prepas-fabert.com\/cpge\/visite-du-campus-arts-et-metiers-de-metz-par-les-etudiantes-de-psi\/","og_site_name":"Classes Pr\u00e9paratoires aux Grandes Ecoles - Lyc\u00e9e Fabert (Metz)","article_publisher":"https:\/\/www.facebook.com\/cpgefabert\/","article_published_time":"2024-02-12T10:09:45+00:00","article_modified_time":"2024-02-12T10:14:31+00:00","og_image":[{"width":2050,"height":1166,"url":"https:\/\/www.prepas-fabert.com\/cpge\/wp-content\/uploads\/2024\/02\/project_image_182_image_fr2.jpg","type":"image\/jpeg"}],"author":"Laurent PARISE","twitter_card":"summary_large_image","twitter_title":"Visite du campus Arts et M\u00e9tiers de METZ par les \u00e9tudiant(e)s de PSI*","twitter_description":"D\u00e9couverte d'une \u00c9cole d'Ing\u00e9nieurs : les \u00e9tudiantes et \u00e9tudiants du Lyc\u00e9e Fabert ont pu participer \u00e0 la JPO des Arts & M\u00e9tiers ParisTech.","twitter_image":"https:\/\/www.prepas-fabert.com\/cpge\/wp-content\/uploads\/2024\/02\/project_image_182_image_fr2.jpg","twitter_creator":"@CPGEFabert","twitter_site":"@CPGEFabert","twitter_misc":{"\u00c9crit par":"Laurent PARISE","Dur\u00e9e de lecture estim\u00e9e":"1 minute"},"schema":{"@context":"https:\/\/schema.org","@graph":[{"@type":"Article","@id":"https:\/\/www.prepas-fabert.com\/cpge\/visite-du-campus-arts-et-metiers-de-metz-par-les-etudiantes-de-psi\/#article","isPartOf":{"@id":"https:\/\/www.prepas-fabert.com\/cpge\/visite-du-campus-arts-et-metiers-de-metz-par-les-etudiantes-de-psi\/"},"author":{"name":"Laurent PARISE","@id":"https:\/\/www.prepas-fabert.com\/cpge\/#\/schema\/person\/9989bc5c1ced64a924cefb9b14b6093e"},"headline":"Visite du campus Arts et M\u00e9tiers de METZ par les \u00e9tudiant(e)s de PSI*","datePublished":"2024-02-12T10:09:45+00:00","dateModified":"2024-02-12T10:14:31+00:00","mainEntityOfPage":{"@id":"https:\/\/www.prepas-fabert.com\/cpge\/visite-du-campus-arts-et-metiers-de-metz-par-les-etudiantes-de-psi\/"},"wordCount":210,"publisher":{"@id":"https:\/\/www.prepas-fabert.com\/cpge\/#organization"},"image":{"@id":"https:\/\/www.prepas-fabert.com\/cpge\/visite-du-campus-arts-et-metiers-de-metz-par-les-etudiantes-de-psi\/#primaryimage"},"thumbnailUrl":"https:\/\/www.prepas-fabert.com\/cpge\/wp-content\/uploads\/2024\/02\/AetMMetz.webp","articleSection":["Actualit\u00e9s"],"inLanguage":"fr-FR"},{"@type":"WebPage","@id":"https:\/\/www.prepas-fabert.com\/cpge\/visite-du-campus-arts-et-metiers-de-metz-par-les-etudiantes-de-psi\/","url":"https:\/\/www.prepas-fabert.com\/cpge\/visite-du-campus-arts-et-metiers-de-metz-par-les-etudiantes-de-psi\/","name":"Visite du campus Arts et M\u00e9tiers de METZ par les \u00e9tudiant(e)s de PSI* - CPGE du lyc\u00e9e Fabert (METZ)","isPartOf":{"@id":"https:\/\/www.prepas-fabert.com\/cpge\/#website"},"primaryImageOfPage":{"@id":"https:\/\/www.prepas-fabert.com\/cpge\/visite-du-campus-arts-et-metiers-de-metz-par-les-etudiantes-de-psi\/#primaryimage"},"image":{"@id":"https:\/\/www.prepas-fabert.com\/cpge\/visite-du-campus-arts-et-metiers-de-metz-par-les-etudiantes-de-psi\/#primaryimage"},"thumbnailUrl":"https:\/\/www.prepas-fabert.com\/cpge\/wp-content\/uploads\/2024\/02\/AetMMetz.webp","datePublished":"2024-02-12T10:09:45+00:00","dateModified":"2024-02-12T10:14:31+00:00","description":"D\u00e9couverte d'une \u00c9cole d'Ing\u00e9nieurs : les \u00e9tudiantes et \u00e9tudiants du Lyc\u00e9e Fabert ont pu participer \u00e0 la JPO des Arts & M\u00e9tiers ParisTech.","breadcrumb":{"@id":"https:\/\/www.prepas-fabert.com\/cpge\/visite-du-campus-arts-et-metiers-de-metz-par-les-etudiantes-de-psi\/#breadcrumb"},"inLanguage":"fr-FR","potentialAction":[{"@type":"ReadAction","target":["https:\/\/www.prepas-fabert.com\/cpge\/visite-du-campus-arts-et-metiers-de-metz-par-les-etudiantes-de-psi\/"]}]},{"@type":"ImageObject","inLanguage":"fr-FR","@id":"https:\/\/www.prepas-fabert.com\/cpge\/visite-du-campus-arts-et-metiers-de-metz-par-les-etudiantes-de-psi\/#primaryimage","url":"https:\/\/www.prepas-fabert.com\/cpge\/wp-content\/uploads\/2024\/02\/AetMMetz.webp","contentUrl":"https:\/\/www.prepas-fabert.com\/cpge\/wp-content\/uploads\/2024\/02\/AetMMetz.webp","width":1600,"height":936},{"@type":"BreadcrumbList","@id":"https:\/\/www.prepas-fabert.com\/cpge\/visite-du-campus-arts-et-metiers-de-metz-par-les-etudiantes-de-psi\/#breadcrumb","itemListElement":[{"@type":"ListItem","position":1,"name":"Accueil","item":"https:\/\/www.prepas-fabert.com\/cpge\/"},{"@type":"ListItem","position":2,"name":"Actualit\u00e9s","item":"https:\/\/www.prepas-fabert.com\/cpge\/category\/actualites\/"},{"@type":"ListItem","position":3,"name":"Visite du campus Arts et M\u00e9tiers de METZ par les \u00e9tudiant(e)s de PSI*"}]},{"@type":"WebSite","@id":"https:\/\/www.prepas-fabert.com\/cpge\/#website","url":"https:\/\/www.prepas-fabert.com\/cpge\/","name":"Classes Pr\u00e9paratoires aux Grandes Ecoles - Lyc\u00e9e Fabert (Metz)","description":"Classes pr\u00e9pas scientifiques et \u00e9conomiques en Lorraine","publisher":{"@id":"https:\/\/www.prepas-fabert.com\/cpge\/#organization"},"potentialAction":[{"@type":"SearchAction","target":{"@type":"EntryPoint","urlTemplate":"https:\/\/www.prepas-fabert.com\/cpge\/?s={search_term_string}"},"query-input":{"@type":"PropertyValueSpecification","valueRequired":true,"valueName":"search_term_string"}}],"inLanguage":"fr-FR"},{"@type":"Organization","@id":"https:\/\/www.prepas-fabert.com\/cpge\/#organization","name":"CPGE du lyc\u00e9e Fabert (METZ)","url":"https:\/\/www.prepas-fabert.com\/cpge\/","logo":{"@type":"ImageObject","inLanguage":"fr-FR","@id":"https:\/\/www.prepas-fabert.com\/cpge\/#\/schema\/logo\/image\/","url":"https:\/\/www.prepas-fabert.com\/cpge\/wp-content\/uploads\/2023\/03\/CPGEFABERT-2.png","contentUrl":"https:\/\/www.prepas-fabert.com\/cpge\/wp-content\/uploads\/2023\/03\/CPGEFABERT-2.png","width":750,"height":750,"caption":"CPGE du lyc\u00e9e Fabert (METZ)"},"image":{"@id":"https:\/\/www.prepas-fabert.com\/cpge\/#\/schema\/logo\/image\/"},"sameAs":["https:\/\/www.facebook.com\/cpgefabert\/","https:\/\/x.com\/CPGEFabert","https:\/\/www.linkedin.com\/company\/lyc\u00e9e-fabert-metz-57\/mycompany\/","https:\/\/www.youtube.com\/user\/CPGEfabert\/","https:\/\/www.instagram.com\/cpgefabert\/"]},{"@type":"Person","@id":"https:\/\/www.prepas-fabert.com\/cpge\/#\/schema\/person\/9989bc5c1ced64a924cefb9b14b6093e","name":"Laurent PARISE","image":{"@type":"ImageObject","inLanguage":"fr-FR","@id":"https:\/\/www.prepas-fabert.com\/cpge\/wp-content\/uploads\/2025\/06\/cropped-P2tourne2425-96x96.gif","url":"https:\/\/www.prepas-fabert.com\/cpge\/wp-content\/uploads\/2025\/06\/cropped-P2tourne2425-96x96.gif","contentUrl":"https:\/\/www.prepas-fabert.com\/cpge\/wp-content\/uploads\/2025\/06\/cropped-P2tourne2425-96x96.gif","caption":"Laurent PARISE"},"sameAs":["https:\/\/www.prepas-fabert.com\/cpge"],"url":"https:\/\/www.prepas-fabert.com\/cpge\/author\/mathematica\/"}]}},"_links":{"self":[{"href":"https:\/\/www.prepas-fabert.com\/cpge\/wp-json\/wp\/v2\/posts\/7738","targetHints":{"allow":["GET"]}}],"collection":[{"href":"https:\/\/www.prepas-fabert.com\/cpge\/wp-json\/wp\/v2\/posts"}],"about":[{"href":"https:\/\/www.prepas-fabert.com\/cpge\/wp-json\/wp\/v2\/types\/post"}],"author":[{"embeddable":true,"href":"https:\/\/www.prepas-fabert.com\/cpge\/wp-json\/wp\/v2\/users\/1"}],"replies":[{"embeddable":true,"href":"https:\/\/www.prepas-fabert.com\/cpge\/wp-json\/wp\/v2\/comments?post=7738"}],"version-history":[{"count":2,"href":"https:\/\/www.prepas-fabert.com\/cpge\/wp-json\/wp\/v2\/posts\/7738\/revisions"}],"predecessor-version":[{"id":7748,"href":"https:\/\/www.prepas-fabert.com\/cpge\/wp-json\/wp\/v2\/posts\/7738\/revisions\/7748"}],"wp:featuredmedia":[{"embeddable":true,"href":"https:\/\/www.prepas-fabert.com\/cpge\/wp-json\/wp\/v2\/media\/7744"}],"wp:attachment":[{"href":"https:\/\/www.prepas-fabert.com\/cpge\/wp-json\/wp\/v2\/media?parent=7738"}],"wp:term":[{"taxonomy":"category","embeddable":true,"href":"https:\/\/www.prepas-fabert.com\/cpge\/wp-json\/wp\/v2\/categories?post=7738"},{"taxonomy":"post_tag","embeddable":true,"href":"https:\/\/www.prepas-fabert.com\/cpge\/wp-json\/wp\/v2\/tags?post=7738"}],"curies":[{"name":"wp","href":"https:\/\/api.w.org\/{rel}","templated":true}]}}