{"id":7755,"date":"2024-02-17T09:28:33","date_gmt":"2024-02-17T08:28:33","guid":{"rendered":"https:\/\/www.prepas-fabert.com\/cpge\/?p=7755"},"modified":"2024-03-06T11:05:00","modified_gmt":"2024-03-06T10:05:00","slug":"la-bataille-des-cracks-2023-2024","status":"publish","type":"post","link":"https:\/\/www.prepas-fabert.com\/cpge\/la-bataille-des-cracks-2023-2024\/","title":{"rendered":"La bataille des CRACKS 2023-2024"},"content":{"rendered":"<div class=\"wpb-content-wrapper\">[vc_row][vc_column][vc_column_text css_animation=\u00a0\u00bbnone\u00a0\u00bb css=\u00a0\u00bb.vc_custom_1708327217715{margin-top: 20px !important;margin-right: 0px !important;}\u00a0\u00bb]\n<p style=\"text-align: justify;\"><span style=\"color: #012d52;\">Deux \u00ab <strong>batailles des cracks<\/strong> \u00bb ont r\u00e9cemment \u00e9t\u00e9 organis\u00e9es au lyc\u00e9e Fabert de Metz, \u00e0 l\u2019initiative de l&rsquo;association BURAL des \u00e9tudiants de classe pr\u00e9paratoire. La Salle des F\u00eates a ainsi \u00e9t\u00e9 le th\u00e9\u00e2tre de deux joutes anim\u00e9es, sur fond d\u2019\u00e9nigmes math\u00e9matiques, chaque classe \u00e9tant repr\u00e9sent\u00e9e par une s\u00e9lection de quatre ou cinq \u00e9tudiants :<\/span><\/p>\n<ul style=\"text-align: justify;\">\n<li>les classes pr\u00e9paratoires de 1\u1d49\u0300\u02b3\u1d49 ann\u00e9e (ECG 1, MPSI 1, MPSI 2, PCSI 1 et PCSI 2) se sont affront\u00e9es le jeudi 18 janvier de 17h30 \u00e0 19h<\/li>\n<li>les classes pr\u00e9paratoires de 2\u207f\u1d48\u1d49 ann\u00e9e (ECG2, MP, MP*, PC, PC* et PSI*) se sont affront\u00e9es le lundi 5 f\u00e9vrier de 17h30 \u00e0 19h.z<\/li>\n<\/ul>\n<p style=\"text-align: justify;\">Les math\u00e9matiques \u00e9tant une discipline commune \u00e0 l\u2019ensemble des classes pr\u00e9paratoires de la fili\u00e8re scientifique et de la fili\u00e8re ECG, ces rencontres math\u00e9matiques sont apparues comme une bonne occasion pour renforcer la coh\u00e9sion inter-classes, en alliant <strong><span style=\"color: #012d52;\">d\u00e9fi intellectuel et esprit de convivialit\u00e9<\/span><\/strong>.<\/p>\n<p style=\"text-align: justify;\">Toutes les \u00e9quipes participantes se sont remu\u00e9 les m\u00e9ninges pour d\u00e9fendre au mieux les couleurs de leur classe. En mutualisant leurs efforts, les membres de chaque \u00e9quipe ont ainsi tent\u00e9 de r\u00e9soudre <strong><span style=\"color: #012d52;\">une s\u00e9rie d\u2019\u00e9nigmes propos\u00e9es par le professeur de math\u00e9matiques de PC*<\/span><\/strong>, n\u2019h\u00e9sitant pas \u00e0 crier \u00ab hop, hop, hop \u00bb d\u00e8s qu\u2019il leur semblait l\u00e9gitime de proposer une r\u00e9ponse au ma\u00eetre de c\u00e9r\u00e9monie.<\/p>\n<p style=\"text-align: justify;\">Plusieurs spectateurs \u00e9taient l\u00e0 pour encourager leurs camarades, tout en se pr\u00eatant eux-m\u00eames au jeu de la r\u00e9solution des \u00e9nigmes. Que ce soit pour <span style=\"color: #012d52;\"><strong>trouver un \u0153uf pourri \u00e0 l\u2019aide d\u2019une simple balance \u00e0 plateaux<\/strong><\/span>, pour <span style=\"color: #012d52;\"><strong>d\u00e9couper une galette des rois<\/strong><\/span>, pour <strong><span style=\"color: #012d52;\">d\u00e9nombrer des tirages \u00e0 la belote<\/span><\/strong> ou pour <span style=\"color: #012d52;\"><strong>d\u00e9crypter les particularit\u00e9s<\/strong><\/span> d\u2019un emprunt immobilier, les \u00e9tudiants ont \u00e0 chaque fois pu mobiliser leurs connaissances math\u00e9matiques et stimuler leur ing\u00e9niosit\u00e9.<\/p>\n<p style=\"text-align: justify;\">\u00c0 l\u2019issue de chacune des deux soir\u00e9es, les meilleures \u00e9quipes se sont vues d\u00e9cerner des m\u00e9dailles par les \u00e9tudiants \u2013 organisateurs (association BURAL).<\/p>\n<p style=\"text-align: justify;\">Au vu des sourires affich\u00e9s par tous les participants, cette premi\u00e8re \u00e9dition de la \u00ab Bataille des cracks \u00bb est assur\u00e9ment une r\u00e9ussite !<\/p>\n[\/vc_column_text]<div class=\"wbc-heading clearfix\"><h3 class=\"default-heading\" style=\"color:#012d52;margin-bottom:10px;margin-right:auto;margin-top:24px;margin-left:auto;\">Exemple d'\u00e9nigme (avec \u00e9l\u00e9ments de corrig\u00e9s) pos\u00e9e \u00e0 la ``bataille des Cracks`` du 18 janvier 2024<\/h3><\/div>[vc_row_inner no_innerpadding=\u00a0\u00bbyes\u00a0\u00bb css=\u00a0\u00bb.vc_custom_1708326189157{margin-right: 0px !important;margin-left: 2px !important;border-top-width: 2px !important;border-right-width: 2px !important;border-bottom-width: 2px !important;border-left-width: 2px !important;padding-right: 0px !important;padding-left: 0px !important;border-left-color: #012d52 !important;border-left-style: solid !important;border-right-color: #012d52 !important;border-right-style: solid !important;border-top-color: #012d52 !important;border-top-style: solid !important;border-bottom-color: #012d52 !important;border-bottom-style: solid !important;border-radius: 5px !important;}\u00a0\u00bb el_class=\u00a0\u00bbimg98&Prime;][vc_column_inner css=\u00a0\u00bb.vc_custom_1708325839265{margin-right: 0px !important;margin-left: 0px !important;}\u00a0\u00bb][vc_images_carousel images=\u00a0\u00bb7806,7807,7808,7809&Prime; img_size=\u00a0\u00bbfull\u00a0\u00bb][\/vc_column_inner][\/vc_row_inner][vc_row_inner no_innerpadding=\u00a0\u00bbyes\u00a0\u00bb css=\u00a0\u00bb.vc_custom_1708326359358{margin-top: 64px !important;}\u00a0\u00bb][vc_column_inner width=\u00a0\u00bb1\/2&Prime; offset=\u00a0\u00bbvc_col-lg-offset-1 vc_col-lg-5 vc_col-md-offset-1 vc_col-md-5&Prime;][vc_video link=\u00a0\u00bbhttps:\/\/youtu.be\/sE7E0bJV8-U\u00a0\u00bb el_aspect=\u00a0\u00bb916&Prime; align=\u00a0\u00bbcenter\u00a0\u00bb][\/vc_column_inner][vc_column_inner width=\u00a0\u00bb1\/2&Prime; offset=\u00a0\u00bbvc_col-lg-5 vc_col-md-5&Prime;][vc_video link=\u00a0\u00bbhttps:\/\/youtube.com\/shorts\/7lZ0Dr0jXNc\u00a0\u00bb el_aspect=\u00a0\u00bb916&Prime; align=\u00a0\u00bbcenter\u00a0\u00bb][\/vc_column_inner][\/vc_row_inner]<div class=\"wbc-heading clearfix\"><h3 class=\"default-heading\" style=\"color:#012d52;margin-top:24px;\">Exemple d'\u00e9nigme (avec \u00e9l\u00e9ments de corrig\u00e9s) pos\u00e9e \u00e0 la ``bataille des Cracks`` du 2 f\u00e9vrier 2024<\/h3><\/div>[vc_row_inner no_innerpadding=\u00a0\u00bbyes\u00a0\u00bb css=\u00a0\u00bb.vc_custom_1708326189157{margin-right: 0px !important;margin-left: 2px !important;border-top-width: 2px !important;border-right-width: 2px !important;border-bottom-width: 2px !important;border-left-width: 2px !important;padding-right: 0px !important;padding-left: 0px !important;border-left-color: #012d52 !important;border-left-style: solid !important;border-right-color: #012d52 !important;border-right-style: solid !important;border-top-color: #012d52 !important;border-top-style: solid !important;border-bottom-color: #012d52 !important;border-bottom-style: solid !important;border-radius: 5px !important;}\u00a0\u00bb el_class=\u00a0\u00bbimg98&Prime;][vc_column_inner css=\u00a0\u00bb.vc_custom_1708325839265{margin-right: 0px !important;margin-left: 0px !important;}\u00a0\u00bb][vc_images_carousel images=\u00a0\u00bb7815,7813,7814&Prime; img_size=\u00a0\u00bbfull\u00a0\u00bb][\/vc_column_inner][\/vc_row_inner][vc_row_inner css=\u00a0\u00bb.vc_custom_1708325152343{margin-top: 64px !important;}\u00a0\u00bb][vc_column_inner][vc_media_grid style=\u00a0\u00bbpagination\u00a0\u00bb items_per_page=\u00a0\u00bb6&Prime; grid_id=\u00a0\u00bbvc_gid:1708620124825-85aa01f9-e3ec-8&Prime; include=\u00a0\u00bb7765,7766,7767,7768,7769,7770,7772,7773,7774,7775,7776,7777,7778,7779,7781,7782,7783,7784,7785,7786,7838,7839,7840,7841&Prime;][vc_video link=\u00a0\u00bbhttps:\/\/youtu.be\/dw7wZ2vc4_U\u00a0\u00bb][vc_video link=\u00a0\u00bbhttps:\/\/youtu.be\/foITHKd5fEg\u00a0\u00bb][\/vc_column_inner][\/vc_row_inner][\/vc_column][\/vc_row]\n<\/div>","protected":false},"excerpt":{"rendered":"<p>Deux \u00ab batailles des cracks \u00bb ont r\u00e9cemment \u00e9t\u00e9 organis\u00e9es au lyc\u00e9e Fabert de Metz. La Salle des F\u00eates a ainsi \u00e9t\u00e9 le th\u00e9\u00e2tre de deux joutes anim\u00e9es, sur fond d\u2019\u00e9nigmes math\u00e9matiques.<\/p>\n","protected":false},"author":1,"featured_media":7760,"comment_status":"closed","ping_status":"closed","sticky":false,"template":"","format":"standard","meta":{"footnotes":""},"categories":[31],"tags":[],"class_list":["post-7755","post","type-post","status-publish","format-standard","has-post-thumbnail","hentry","category-actualites"],"yoast_head":"<!-- This site is optimized with the Yoast SEO plugin v27.5 - https:\/\/yoast.com\/product\/yoast-seo-wordpress\/ -->\n<title>La bataille des CRACKS 2023-2024 - CPGE du lyc\u00e9e Fabert (METZ)<\/title>\n<meta name=\"description\" content=\"Deux \u00ab batailles des cracks \u00bb ont \u00e9t\u00e9 organis\u00e9es au lyc\u00e9e Fabert, \u00e0 l\u2019initiative de l&#039;association BURAL des \u00e9tudiants de classe pr\u00e9paratoire.\" \/>\n<meta name=\"robots\" content=\"index, follow, max-snippet:-1, max-image-preview:large, max-video-preview:-1\" \/>\n<link rel=\"canonical\" href=\"https:\/\/www.prepas-fabert.com\/cpge\/la-bataille-des-cracks-2023-2024\/\" \/>\n<meta property=\"og:locale\" content=\"fr_FR\" \/>\n<meta property=\"og:type\" content=\"article\" \/>\n<meta property=\"og:title\" content=\"La bataille des CRACKS 2023-2024\" \/>\n<meta property=\"og:description\" content=\"Deux \u00ab batailles des cracks \u00bb ont r\u00e9cemment \u00e9t\u00e9 organis\u00e9es au lyc\u00e9e Fabert de Metz. La Salle des F\u00eates a ainsi \u00e9t\u00e9 le th\u00e9\u00e2tre de deux joutes anim\u00e9es, sur fond d\u2019\u00e9nigmes math\u00e9matiques.\" \/>\n<meta property=\"og:url\" content=\"https:\/\/www.prepas-fabert.com\/cpge\/la-bataille-des-cracks-2023-2024\/\" \/>\n<meta property=\"og:site_name\" content=\"Classes Pr\u00e9paratoires aux Grandes Ecoles - Lyc\u00e9e Fabert (Metz)\" \/>\n<meta property=\"article:publisher\" content=\"https:\/\/www.facebook.com\/cpgefabert\/\" \/>\n<meta property=\"article:published_time\" content=\"2024-02-17T08:28:33+00:00\" \/>\n<meta property=\"article:modified_time\" content=\"2024-03-06T10:05:00+00:00\" \/>\n<meta property=\"og:image\" content=\"https:\/\/www.prepas-fabert.com\/cpge\/wp-content\/uploads\/2024\/02\/cracks-youtube-1.jpg\" \/>\n\t<meta property=\"og:image:width\" content=\"1920\" \/>\n\t<meta property=\"og:image:height\" content=\"1080\" \/>\n\t<meta property=\"og:image:type\" content=\"image\/webp\" \/>\n<meta name=\"author\" content=\"Laurent PARISE\" \/>\n<meta name=\"twitter:card\" content=\"summary_large_image\" \/>\n<meta name=\"twitter:title\" content=\"La bataille des CRACKS 2023-2024\" \/>\n<meta name=\"twitter:description\" content=\"Deux \u00ab batailles des cracks \u00bb ont r\u00e9cemment \u00e9t\u00e9 organis\u00e9es au lyc\u00e9e Fabert de Metz. La Salle des F\u00eates a ainsi \u00e9t\u00e9 le th\u00e9\u00e2tre de deux joutes anim\u00e9es, sur fond d\u2019\u00e9nigmes math\u00e9matiques.\" \/>\n<meta name=\"twitter:image\" content=\"https:\/\/www.prepas-fabert.com\/cpge\/wp-content\/uploads\/2024\/02\/cracks-youtube-1.jpg\" \/>\n<meta name=\"twitter:creator\" content=\"@CPGEFabert\" \/>\n<meta name=\"twitter:site\" content=\"@CPGEFabert\" \/>\n<meta name=\"twitter:label1\" content=\"\u00c9crit par\" \/>\n\t<meta name=\"twitter:data1\" content=\"Laurent PARISE\" \/>\n\t<meta name=\"twitter:label2\" content=\"Dur\u00e9e de lecture estim\u00e9e\" \/>\n\t<meta name=\"twitter:data2\" content=\"4 minutes\" \/>\n<script type=\"application\/ld+json\" class=\"yoast-schema-graph\">{\"@context\":\"https:\\\/\\\/schema.org\",\"@graph\":[{\"@type\":\"Article\",\"@id\":\"https:\\\/\\\/www.prepas-fabert.com\\\/cpge\\\/la-bataille-des-cracks-2023-2024\\\/#article\",\"isPartOf\":{\"@id\":\"https:\\\/\\\/www.prepas-fabert.com\\\/cpge\\\/la-bataille-des-cracks-2023-2024\\\/\"},\"author\":{\"name\":\"Laurent PARISE\",\"@id\":\"https:\\\/\\\/www.prepas-fabert.com\\\/cpge\\\/#\\\/schema\\\/person\\\/9989bc5c1ced64a924cefb9b14b6093e\"},\"headline\":\"La bataille des CRACKS 2023-2024\",\"datePublished\":\"2024-02-17T08:28:33+00:00\",\"dateModified\":\"2024-03-06T10:05:00+00:00\",\"mainEntityOfPage\":{\"@id\":\"https:\\\/\\\/www.prepas-fabert.com\\\/cpge\\\/la-bataille-des-cracks-2023-2024\\\/\"},\"wordCount\":763,\"publisher\":{\"@id\":\"https:\\\/\\\/www.prepas-fabert.com\\\/cpge\\\/#organization\"},\"image\":{\"@id\":\"https:\\\/\\\/www.prepas-fabert.com\\\/cpge\\\/la-bataille-des-cracks-2023-2024\\\/#primaryimage\"},\"thumbnailUrl\":\"https:\\\/\\\/www.prepas-fabert.com\\\/cpge\\\/wp-content\\\/uploads\\\/2024\\\/02\\\/cracks-youtube-1.jpg\",\"articleSection\":[\"Actualit\u00e9s\"],\"inLanguage\":\"fr-FR\"},{\"@type\":\"WebPage\",\"@id\":\"https:\\\/\\\/www.prepas-fabert.com\\\/cpge\\\/la-bataille-des-cracks-2023-2024\\\/\",\"url\":\"https:\\\/\\\/www.prepas-fabert.com\\\/cpge\\\/la-bataille-des-cracks-2023-2024\\\/\",\"name\":\"La bataille des CRACKS 2023-2024 - CPGE du lyc\u00e9e Fabert (METZ)\",\"isPartOf\":{\"@id\":\"https:\\\/\\\/www.prepas-fabert.com\\\/cpge\\\/#website\"},\"primaryImageOfPage\":{\"@id\":\"https:\\\/\\\/www.prepas-fabert.com\\\/cpge\\\/la-bataille-des-cracks-2023-2024\\\/#primaryimage\"},\"image\":{\"@id\":\"https:\\\/\\\/www.prepas-fabert.com\\\/cpge\\\/la-bataille-des-cracks-2023-2024\\\/#primaryimage\"},\"thumbnailUrl\":\"https:\\\/\\\/www.prepas-fabert.com\\\/cpge\\\/wp-content\\\/uploads\\\/2024\\\/02\\\/cracks-youtube-1.jpg\",\"datePublished\":\"2024-02-17T08:28:33+00:00\",\"dateModified\":\"2024-03-06T10:05:00+00:00\",\"description\":\"Deux \u00ab batailles des cracks \u00bb ont \u00e9t\u00e9 organis\u00e9es au lyc\u00e9e Fabert, \u00e0 l\u2019initiative de l'association BURAL des \u00e9tudiants de classe pr\u00e9paratoire.\",\"breadcrumb\":{\"@id\":\"https:\\\/\\\/www.prepas-fabert.com\\\/cpge\\\/la-bataille-des-cracks-2023-2024\\\/#breadcrumb\"},\"inLanguage\":\"fr-FR\",\"potentialAction\":[{\"@type\":\"ReadAction\",\"target\":[\"https:\\\/\\\/www.prepas-fabert.com\\\/cpge\\\/la-bataille-des-cracks-2023-2024\\\/\"]}]},{\"@type\":\"ImageObject\",\"inLanguage\":\"fr-FR\",\"@id\":\"https:\\\/\\\/www.prepas-fabert.com\\\/cpge\\\/la-bataille-des-cracks-2023-2024\\\/#primaryimage\",\"url\":\"https:\\\/\\\/www.prepas-fabert.com\\\/cpge\\\/wp-content\\\/uploads\\\/2024\\\/02\\\/cracks-youtube-1.jpg\",\"contentUrl\":\"https:\\\/\\\/www.prepas-fabert.com\\\/cpge\\\/wp-content\\\/uploads\\\/2024\\\/02\\\/cracks-youtube-1.jpg\",\"width\":1920,\"height\":1080},{\"@type\":\"BreadcrumbList\",\"@id\":\"https:\\\/\\\/www.prepas-fabert.com\\\/cpge\\\/la-bataille-des-cracks-2023-2024\\\/#breadcrumb\",\"itemListElement\":[{\"@type\":\"ListItem\",\"position\":1,\"name\":\"Accueil\",\"item\":\"https:\\\/\\\/www.prepas-fabert.com\\\/cpge\\\/\"},{\"@type\":\"ListItem\",\"position\":2,\"name\":\"Actualit\u00e9s\",\"item\":\"https:\\\/\\\/www.prepas-fabert.com\\\/cpge\\\/category\\\/actualites\\\/\"},{\"@type\":\"ListItem\",\"position\":3,\"name\":\"La bataille des CRACKS 2023-2024\"}]},{\"@type\":\"WebSite\",\"@id\":\"https:\\\/\\\/www.prepas-fabert.com\\\/cpge\\\/#website\",\"url\":\"https:\\\/\\\/www.prepas-fabert.com\\\/cpge\\\/\",\"name\":\"Classes Pr\u00e9paratoires aux Grandes Ecoles - Lyc\u00e9e Fabert (Metz)\",\"description\":\"Classes pr\u00e9pas scientifiques et \u00e9conomiques en Lorraine\",\"publisher\":{\"@id\":\"https:\\\/\\\/www.prepas-fabert.com\\\/cpge\\\/#organization\"},\"potentialAction\":[{\"@type\":\"SearchAction\",\"target\":{\"@type\":\"EntryPoint\",\"urlTemplate\":\"https:\\\/\\\/www.prepas-fabert.com\\\/cpge\\\/?s={search_term_string}\"},\"query-input\":{\"@type\":\"PropertyValueSpecification\",\"valueRequired\":true,\"valueName\":\"search_term_string\"}}],\"inLanguage\":\"fr-FR\"},{\"@type\":\"Organization\",\"@id\":\"https:\\\/\\\/www.prepas-fabert.com\\\/cpge\\\/#organization\",\"name\":\"CPGE du lyc\u00e9e Fabert (METZ)\",\"url\":\"https:\\\/\\\/www.prepas-fabert.com\\\/cpge\\\/\",\"logo\":{\"@type\":\"ImageObject\",\"inLanguage\":\"fr-FR\",\"@id\":\"https:\\\/\\\/www.prepas-fabert.com\\\/cpge\\\/#\\\/schema\\\/logo\\\/image\\\/\",\"url\":\"https:\\\/\\\/www.prepas-fabert.com\\\/cpge\\\/wp-content\\\/uploads\\\/2023\\\/03\\\/CPGEFABERT-2.png\",\"contentUrl\":\"https:\\\/\\\/www.prepas-fabert.com\\\/cpge\\\/wp-content\\\/uploads\\\/2023\\\/03\\\/CPGEFABERT-2.png\",\"width\":750,\"height\":750,\"caption\":\"CPGE du lyc\u00e9e Fabert (METZ)\"},\"image\":{\"@id\":\"https:\\\/\\\/www.prepas-fabert.com\\\/cpge\\\/#\\\/schema\\\/logo\\\/image\\\/\"},\"sameAs\":[\"https:\\\/\\\/www.facebook.com\\\/cpgefabert\\\/\",\"https:\\\/\\\/x.com\\\/CPGEFabert\",\"https:\\\/\\\/www.linkedin.com\\\/company\\\/lyc\u00e9e-fabert-metz-57\\\/mycompany\\\/\",\"https:\\\/\\\/www.youtube.com\\\/user\\\/CPGEfabert\\\/\",\"https:\\\/\\\/www.instagram.com\\\/cpgefabert\\\/\"]},{\"@type\":\"Person\",\"@id\":\"https:\\\/\\\/www.prepas-fabert.com\\\/cpge\\\/#\\\/schema\\\/person\\\/9989bc5c1ced64a924cefb9b14b6093e\",\"name\":\"Laurent PARISE\",\"image\":{\"@type\":\"ImageObject\",\"inLanguage\":\"fr-FR\",\"@id\":\"https:\\\/\\\/www.prepas-fabert.com\\\/cpge\\\/wp-content\\\/uploads\\\/2025\\\/06\\\/cropped-P2tourne2425-96x96.gif\",\"url\":\"https:\\\/\\\/www.prepas-fabert.com\\\/cpge\\\/wp-content\\\/uploads\\\/2025\\\/06\\\/cropped-P2tourne2425-96x96.gif\",\"contentUrl\":\"https:\\\/\\\/www.prepas-fabert.com\\\/cpge\\\/wp-content\\\/uploads\\\/2025\\\/06\\\/cropped-P2tourne2425-96x96.gif\",\"caption\":\"Laurent PARISE\"},\"sameAs\":[\"https:\\\/\\\/www.prepas-fabert.com\\\/cpge\"],\"url\":\"https:\\\/\\\/www.prepas-fabert.com\\\/cpge\\\/author\\\/mathematica\\\/\"}]}<\/script>\n<!-- \/ Yoast SEO plugin. -->","yoast_head_json":{"title":"La bataille des CRACKS 2023-2024 - CPGE du lyc\u00e9e Fabert (METZ)","description":"Deux \u00ab batailles des cracks \u00bb ont \u00e9t\u00e9 organis\u00e9es au lyc\u00e9e Fabert, \u00e0 l\u2019initiative de l'association BURAL des \u00e9tudiants de classe pr\u00e9paratoire.","robots":{"index":"index","follow":"follow","max-snippet":"max-snippet:-1","max-image-preview":"max-image-preview:large","max-video-preview":"max-video-preview:-1"},"canonical":"https:\/\/www.prepas-fabert.com\/cpge\/la-bataille-des-cracks-2023-2024\/","og_locale":"fr_FR","og_type":"article","og_title":"La bataille des CRACKS 2023-2024","og_description":"Deux \u00ab batailles des cracks \u00bb ont r\u00e9cemment \u00e9t\u00e9 organis\u00e9es au lyc\u00e9e Fabert de Metz. La Salle des F\u00eates a ainsi \u00e9t\u00e9 le th\u00e9\u00e2tre de deux joutes anim\u00e9es, sur fond d\u2019\u00e9nigmes math\u00e9matiques.","og_url":"https:\/\/www.prepas-fabert.com\/cpge\/la-bataille-des-cracks-2023-2024\/","og_site_name":"Classes Pr\u00e9paratoires aux Grandes Ecoles - Lyc\u00e9e Fabert (Metz)","article_publisher":"https:\/\/www.facebook.com\/cpgefabert\/","article_published_time":"2024-02-17T08:28:33+00:00","article_modified_time":"2024-03-06T10:05:00+00:00","og_image":[{"width":1920,"height":1080,"url":"https:\/\/www.prepas-fabert.com\/cpge\/wp-content\/uploads\/2024\/02\/cracks-youtube-1.jpg","type":"image\/webp"}],"author":"Laurent PARISE","twitter_card":"summary_large_image","twitter_title":"La bataille des CRACKS 2023-2024","twitter_description":"Deux \u00ab batailles des cracks \u00bb ont r\u00e9cemment \u00e9t\u00e9 organis\u00e9es au lyc\u00e9e Fabert de Metz. La Salle des F\u00eates a ainsi \u00e9t\u00e9 le th\u00e9\u00e2tre de deux joutes anim\u00e9es, sur fond d\u2019\u00e9nigmes math\u00e9matiques.","twitter_image":"https:\/\/www.prepas-fabert.com\/cpge\/wp-content\/uploads\/2024\/02\/cracks-youtube-1.jpg","twitter_creator":"@CPGEFabert","twitter_site":"@CPGEFabert","twitter_misc":{"\u00c9crit par":"Laurent PARISE","Dur\u00e9e de lecture estim\u00e9e":"4 minutes"},"schema":{"@context":"https:\/\/schema.org","@graph":[{"@type":"Article","@id":"https:\/\/www.prepas-fabert.com\/cpge\/la-bataille-des-cracks-2023-2024\/#article","isPartOf":{"@id":"https:\/\/www.prepas-fabert.com\/cpge\/la-bataille-des-cracks-2023-2024\/"},"author":{"name":"Laurent PARISE","@id":"https:\/\/www.prepas-fabert.com\/cpge\/#\/schema\/person\/9989bc5c1ced64a924cefb9b14b6093e"},"headline":"La bataille des CRACKS 2023-2024","datePublished":"2024-02-17T08:28:33+00:00","dateModified":"2024-03-06T10:05:00+00:00","mainEntityOfPage":{"@id":"https:\/\/www.prepas-fabert.com\/cpge\/la-bataille-des-cracks-2023-2024\/"},"wordCount":763,"publisher":{"@id":"https:\/\/www.prepas-fabert.com\/cpge\/#organization"},"image":{"@id":"https:\/\/www.prepas-fabert.com\/cpge\/la-bataille-des-cracks-2023-2024\/#primaryimage"},"thumbnailUrl":"https:\/\/www.prepas-fabert.com\/cpge\/wp-content\/uploads\/2024\/02\/cracks-youtube-1.jpg","articleSection":["Actualit\u00e9s"],"inLanguage":"fr-FR"},{"@type":"WebPage","@id":"https:\/\/www.prepas-fabert.com\/cpge\/la-bataille-des-cracks-2023-2024\/","url":"https:\/\/www.prepas-fabert.com\/cpge\/la-bataille-des-cracks-2023-2024\/","name":"La bataille des CRACKS 2023-2024 - CPGE du lyc\u00e9e Fabert (METZ)","isPartOf":{"@id":"https:\/\/www.prepas-fabert.com\/cpge\/#website"},"primaryImageOfPage":{"@id":"https:\/\/www.prepas-fabert.com\/cpge\/la-bataille-des-cracks-2023-2024\/#primaryimage"},"image":{"@id":"https:\/\/www.prepas-fabert.com\/cpge\/la-bataille-des-cracks-2023-2024\/#primaryimage"},"thumbnailUrl":"https:\/\/www.prepas-fabert.com\/cpge\/wp-content\/uploads\/2024\/02\/cracks-youtube-1.jpg","datePublished":"2024-02-17T08:28:33+00:00","dateModified":"2024-03-06T10:05:00+00:00","description":"Deux \u00ab batailles des cracks \u00bb ont \u00e9t\u00e9 organis\u00e9es au lyc\u00e9e Fabert, \u00e0 l\u2019initiative de l'association BURAL des \u00e9tudiants de classe pr\u00e9paratoire.","breadcrumb":{"@id":"https:\/\/www.prepas-fabert.com\/cpge\/la-bataille-des-cracks-2023-2024\/#breadcrumb"},"inLanguage":"fr-FR","potentialAction":[{"@type":"ReadAction","target":["https:\/\/www.prepas-fabert.com\/cpge\/la-bataille-des-cracks-2023-2024\/"]}]},{"@type":"ImageObject","inLanguage":"fr-FR","@id":"https:\/\/www.prepas-fabert.com\/cpge\/la-bataille-des-cracks-2023-2024\/#primaryimage","url":"https:\/\/www.prepas-fabert.com\/cpge\/wp-content\/uploads\/2024\/02\/cracks-youtube-1.jpg","contentUrl":"https:\/\/www.prepas-fabert.com\/cpge\/wp-content\/uploads\/2024\/02\/cracks-youtube-1.jpg","width":1920,"height":1080},{"@type":"BreadcrumbList","@id":"https:\/\/www.prepas-fabert.com\/cpge\/la-bataille-des-cracks-2023-2024\/#breadcrumb","itemListElement":[{"@type":"ListItem","position":1,"name":"Accueil","item":"https:\/\/www.prepas-fabert.com\/cpge\/"},{"@type":"ListItem","position":2,"name":"Actualit\u00e9s","item":"https:\/\/www.prepas-fabert.com\/cpge\/category\/actualites\/"},{"@type":"ListItem","position":3,"name":"La bataille des CRACKS 2023-2024"}]},{"@type":"WebSite","@id":"https:\/\/www.prepas-fabert.com\/cpge\/#website","url":"https:\/\/www.prepas-fabert.com\/cpge\/","name":"Classes Pr\u00e9paratoires aux Grandes Ecoles - Lyc\u00e9e Fabert (Metz)","description":"Classes pr\u00e9pas scientifiques et \u00e9conomiques en Lorraine","publisher":{"@id":"https:\/\/www.prepas-fabert.com\/cpge\/#organization"},"potentialAction":[{"@type":"SearchAction","target":{"@type":"EntryPoint","urlTemplate":"https:\/\/www.prepas-fabert.com\/cpge\/?s={search_term_string}"},"query-input":{"@type":"PropertyValueSpecification","valueRequired":true,"valueName":"search_term_string"}}],"inLanguage":"fr-FR"},{"@type":"Organization","@id":"https:\/\/www.prepas-fabert.com\/cpge\/#organization","name":"CPGE du lyc\u00e9e Fabert (METZ)","url":"https:\/\/www.prepas-fabert.com\/cpge\/","logo":{"@type":"ImageObject","inLanguage":"fr-FR","@id":"https:\/\/www.prepas-fabert.com\/cpge\/#\/schema\/logo\/image\/","url":"https:\/\/www.prepas-fabert.com\/cpge\/wp-content\/uploads\/2023\/03\/CPGEFABERT-2.png","contentUrl":"https:\/\/www.prepas-fabert.com\/cpge\/wp-content\/uploads\/2023\/03\/CPGEFABERT-2.png","width":750,"height":750,"caption":"CPGE du lyc\u00e9e Fabert (METZ)"},"image":{"@id":"https:\/\/www.prepas-fabert.com\/cpge\/#\/schema\/logo\/image\/"},"sameAs":["https:\/\/www.facebook.com\/cpgefabert\/","https:\/\/x.com\/CPGEFabert","https:\/\/www.linkedin.com\/company\/lyc\u00e9e-fabert-metz-57\/mycompany\/","https:\/\/www.youtube.com\/user\/CPGEfabert\/","https:\/\/www.instagram.com\/cpgefabert\/"]},{"@type":"Person","@id":"https:\/\/www.prepas-fabert.com\/cpge\/#\/schema\/person\/9989bc5c1ced64a924cefb9b14b6093e","name":"Laurent PARISE","image":{"@type":"ImageObject","inLanguage":"fr-FR","@id":"https:\/\/www.prepas-fabert.com\/cpge\/wp-content\/uploads\/2025\/06\/cropped-P2tourne2425-96x96.gif","url":"https:\/\/www.prepas-fabert.com\/cpge\/wp-content\/uploads\/2025\/06\/cropped-P2tourne2425-96x96.gif","contentUrl":"https:\/\/www.prepas-fabert.com\/cpge\/wp-content\/uploads\/2025\/06\/cropped-P2tourne2425-96x96.gif","caption":"Laurent PARISE"},"sameAs":["https:\/\/www.prepas-fabert.com\/cpge"],"url":"https:\/\/www.prepas-fabert.com\/cpge\/author\/mathematica\/"}]}},"_links":{"self":[{"href":"https:\/\/www.prepas-fabert.com\/cpge\/wp-json\/wp\/v2\/posts\/7755","targetHints":{"allow":["GET"]}}],"collection":[{"href":"https:\/\/www.prepas-fabert.com\/cpge\/wp-json\/wp\/v2\/posts"}],"about":[{"href":"https:\/\/www.prepas-fabert.com\/cpge\/wp-json\/wp\/v2\/types\/post"}],"author":[{"embeddable":true,"href":"https:\/\/www.prepas-fabert.com\/cpge\/wp-json\/wp\/v2\/users\/1"}],"replies":[{"embeddable":true,"href":"https:\/\/www.prepas-fabert.com\/cpge\/wp-json\/wp\/v2\/comments?post=7755"}],"version-history":[{"count":2,"href":"https:\/\/www.prepas-fabert.com\/cpge\/wp-json\/wp\/v2\/posts\/7755\/revisions"}],"predecessor-version":[{"id":7844,"href":"https:\/\/www.prepas-fabert.com\/cpge\/wp-json\/wp\/v2\/posts\/7755\/revisions\/7844"}],"wp:featuredmedia":[{"embeddable":true,"href":"https:\/\/www.prepas-fabert.com\/cpge\/wp-json\/wp\/v2\/media\/7760"}],"wp:attachment":[{"href":"https:\/\/www.prepas-fabert.com\/cpge\/wp-json\/wp\/v2\/media?parent=7755"}],"wp:term":[{"taxonomy":"category","embeddable":true,"href":"https:\/\/www.prepas-fabert.com\/cpge\/wp-json\/wp\/v2\/categories?post=7755"},{"taxonomy":"post_tag","embeddable":true,"href":"https:\/\/www.prepas-fabert.com\/cpge\/wp-json\/wp\/v2\/tags?post=7755"}],"curies":[{"name":"wp","href":"https:\/\/api.w.org\/{rel}","templated":true}]}}