{"id":8164,"date":"2025-08-03T19:47:05","date_gmt":"2025-08-03T17:47:05","guid":{"rendered":"https:\/\/www.prepas-fabert.com\/cpge\/?p=8164"},"modified":"2025-08-03T21:51:44","modified_gmt":"2025-08-03T19:51:44","slug":"visite-de-lentreprise-reseda","status":"publish","type":"post","link":"https:\/\/www.prepas-fabert.com\/cpge\/visite-de-lentreprise-reseda\/","title":{"rendered":"Visite de l&rsquo;entreprise RESEDA"},"content":{"rendered":"<div class=\"wpb-content-wrapper\">[vc_row][vc_column][vc_column_text css_animation=\u00a0\u00bbnone\u00a0\u00bb css=\u00a0\u00bb.vc_custom_1754242936211{margin-top: 20px !important;margin-right: 0px !important;}\u00a0\u00bb]\n<p style=\"text-align: justify;\">Pour cl\u00f4turer l\u2019ann\u00e9e scolaire, les \u00e9tudiants de MPSI ont eu la chance d\u2019\u00eatre accueillis dans deux installations industrielles situ\u00e9es \u00e0 quelques pas du lyc\u00e9e\u00a0: la centrale multi-\u00e9nergies de Metz Chambi\u00e8re (site UEM) et le si\u00e8ge de l\u2019entreprise R\u00e9s\u00e9da.<\/p>\n<p style=\"text-align: justify;\" align=\"left\"><strong>La visite de la centrale a d\u00e9but\u00e9 par une pr\u00e9sentation du site par son directeur, qui a retrac\u00e9 son histoire et expliqu\u00e9 les \u00e9volutions qui ont permis de diminuer l\u2019empreinte carbone de l\u2019usine, en passant du charbon (achemin\u00e9 par train) au gaz, puis au bois. Il a aussi pris le temps d\u2019expliquer les probl\u00e9matiques \u00e9conomiques li\u00e9es \u00e0 la mise en route des turbines \u00e0 gaz\u00a0: prix d\u2019achat du gaz, prix de vente de l\u2019\u00e9lectricit\u00e9 et prix d\u2019achat des quotas d\u2019\u00e9mission CO2, tout cela sur des march\u00e9s qui peuvent conna\u00eetre des variations importantes sur une dur\u00e9e de 24 h.<\/strong><\/p>\n<p style=\"text-align: justify;\">Les \u00e9tudiants ont ensuite visit\u00e9 le site, \u00e0 l\u2019arr\u00eat en cette p\u00e9riode estivale. Le choix par l\u2019UEM de la cog\u00e9n\u00e9ration permet la production d\u2019\u00e9nergie \u00e9lectrique, tout en alimentant le r\u00e9seau de chauffage urbain, utilis\u00e9 comme source froide. La production est adaptable selon la demande, et les saisons\u00a0: en \u00e9t\u00e9, l\u2019incin\u00e9ration des d\u00e9chets dans l\u2019usine voisine d\u2019Haganis permet d\u2019alimenter le r\u00e9seau de chauffage urbain, alors que la centrale biomasse et des turbines \u00e0 gaz sont mises en service en hiver.<\/p>\n<p style=\"text-align: justify;\"><strong>Au si\u00e8ge de R\u00e9s\u00e9da, nous avons \u00e9t\u00e9 accueillis par le directeur de l\u2019entreprise, qui a commenc\u00e9 par nous expliquer la place en France des entreprises locales de distribution, leurs r\u00f4les, puis la structure de l\u2019entreprise, la r\u00e9partition des foyers g\u00e9r\u00e9s en Moselle, les valeurs port\u00e9es par l\u2019entreprise, ainsi que la n\u00e9cessit\u00e9 d\u2019attirer les filles vers les carri\u00e8res scientifiques.<\/strong><\/p>\n<p style=\"text-align: justify;\">Le groupe a ensuite visit\u00e9 le poste central de commande, v\u00e9ritable tour de contr\u00f4le de la distribution \u00e9lectrique. Les op\u00e9rateurs peuvent visualiser en temps r\u00e9el la consommation \u00e9lectrique, la production (et les diff\u00e9rentes sources utilis\u00e9es \u00e0 un instant donn\u00e9) et l\u2019\u00e9tat du r\u00e9seau. On a pu assister \u00e0 une simulation d\u2019incident sur une ligne, et \u00e0 sa r\u00e9solution \u00e0 distance.\u00a0L\u2019op\u00e9rateur a m\u00eame pu nous montrer sur le tableau synoptique le poste du lyc\u00e9e Fabert, en \u00e9tat de fonctionnement normal lors de notre visite\u00a0!<\/p>\n<p style=\"text-align: justify;\">Nous avons poursuivi la visite par la d\u00e9monstration du camion permettant la recherche d\u2019un d\u00e9faut sur une ligne enterr\u00e9e, puis l\u2019explication des composants pr\u00e9sents dans un poste de transformation type 17,5 kV \/ 400 V.<\/p>\n<p style=\"text-align: justify;\">La visite s\u2019est termin\u00e9e devant les transformateurs install\u00e9s dans le nouveau poste source du Pontiffroy, dernier gros chantier de l\u2019entreprise.<\/p>\n[\/vc_column_text][\/vc_column][\/vc_row][vc_row][vc_column][vc_images_carousel images=\u00a0\u00bb8175,8174,8173,8172,8171,8170,8168&Prime; img_size=\u00a0\u00bbfull\u00a0\u00bb speed=\u00a0\u00bb4000&Prime; autoplay=\u00a0\u00bbyes\u00a0\u00bb wrap=\u00a0\u00bbyes\u00a0\u00bb css=\u00a0\u00bb\u00a0\u00bb][\/vc_column][\/vc_row]\n<\/div>","protected":false},"excerpt":{"rendered":"<p>Visite industrielle des \u00e9tudiants MPSI \u00e0 la centrale multi-\u00e9nergies de Metz Chambi\u00e8re et au si\u00e8ge de R\u00e9s\u00e9da, d\u00e9couvrant les enjeux \u00e9nerg\u00e9tiques et techniques locaux.<\/p>\n","protected":false},"author":1,"featured_media":8168,"comment_status":"closed","ping_status":"closed","sticky":false,"template":"","format":"standard","meta":{"footnotes":""},"categories":[31],"tags":[],"class_list":["post-8164","post","type-post","status-publish","format-standard","has-post-thumbnail","hentry","category-actualites"],"yoast_head":"<!-- This site is optimized with the Yoast SEO plugin v27.5 - https:\/\/yoast.com\/product\/yoast-seo-wordpress\/ -->\n<title>Visite de l&#039;entreprise RESEDA<\/title>\n<meta name=\"description\" content=\"Visite industrielle des \u00e9tudiants MPSI \u00e0 la centrale multi-\u00e9nergies de Metz Chambi\u00e8re et au si\u00e8ge de R\u00e9s\u00e9da, d\u00e9couvrant les enjeux \u00e9nerg\u00e9tiques et techniques locaux\" \/>\n<meta name=\"robots\" content=\"index, follow, max-snippet:-1, max-image-preview:large, max-video-preview:-1\" \/>\n<link rel=\"canonical\" href=\"https:\/\/www.prepas-fabert.com\/cpge\/visite-de-lentreprise-reseda\/\" \/>\n<meta property=\"og:locale\" content=\"fr_FR\" \/>\n<meta property=\"og:type\" content=\"article\" \/>\n<meta property=\"og:title\" content=\"Visite de l&#039;entreprise RESEDA\" \/>\n<meta property=\"og:description\" content=\"Visite industrielle des \u00e9tudiants MPSI \u00e0 la centrale multi-\u00e9nergies de Metz Chambi\u00e8re et au si\u00e8ge de R\u00e9s\u00e9da, d\u00e9couvrant les enjeux \u00e9nerg\u00e9tiques et techniques locaux.\" \/>\n<meta property=\"og:url\" content=\"https:\/\/www.prepas-fabert.com\/cpge\/visite-de-lentreprise-reseda\/\" \/>\n<meta property=\"og:site_name\" content=\"Classes Pr\u00e9paratoires aux Grandes Ecoles - Lyc\u00e9e Fabert (Metz)\" \/>\n<meta property=\"article:publisher\" content=\"https:\/\/www.facebook.com\/cpgefabert\/\" \/>\n<meta property=\"article:published_time\" content=\"2025-08-03T17:47:05+00:00\" \/>\n<meta property=\"article:modified_time\" content=\"2025-08-03T19:51:44+00:00\" \/>\n<meta property=\"og:image\" content=\"https:\/\/www.prepas-fabert.com\/cpge\/wp-content\/uploads\/2025\/08\/RESEDA03.jpeg\" \/>\n\t<meta property=\"og:image:width\" content=\"1920\" \/>\n\t<meta property=\"og:image:height\" content=\"864\" \/>\n\t<meta property=\"og:image:type\" content=\"image\/jpeg\" \/>\n<meta name=\"author\" content=\"Laurent PARISE\" \/>\n<meta name=\"twitter:card\" content=\"summary_large_image\" \/>\n<meta name=\"twitter:title\" content=\"Visite de l&#039;entreprise RESEDA\" \/>\n<meta name=\"twitter:description\" content=\"Visite industrielle des \u00e9tudiants MPSI \u00e0 la centrale multi-\u00e9nergies de Metz Chambi\u00e8re et au si\u00e8ge de R\u00e9s\u00e9da, d\u00e9couvrant les enjeux \u00e9nerg\u00e9tiques et techniques locaux.\" \/>\n<meta name=\"twitter:image\" content=\"https:\/\/www.prepas-fabert.com\/cpge\/wp-content\/uploads\/2025\/08\/RESEDA03.jpeg\" \/>\n<meta name=\"twitter:creator\" content=\"@CPGEFabert\" \/>\n<meta name=\"twitter:site\" content=\"@CPGEFabert\" \/>\n<meta name=\"twitter:label1\" content=\"\u00c9crit par\" \/>\n\t<meta name=\"twitter:data1\" content=\"Laurent PARISE\" \/>\n\t<meta name=\"twitter:label2\" content=\"Dur\u00e9e de lecture estim\u00e9e\" \/>\n\t<meta name=\"twitter:data2\" content=\"3 minutes\" \/>\n<script type=\"application\/ld+json\" class=\"yoast-schema-graph\">{\"@context\":\"https:\\\/\\\/schema.org\",\"@graph\":[{\"@type\":\"Article\",\"@id\":\"https:\\\/\\\/www.prepas-fabert.com\\\/cpge\\\/visite-de-lentreprise-reseda\\\/#article\",\"isPartOf\":{\"@id\":\"https:\\\/\\\/www.prepas-fabert.com\\\/cpge\\\/visite-de-lentreprise-reseda\\\/\"},\"author\":{\"name\":\"Laurent PARISE\",\"@id\":\"https:\\\/\\\/www.prepas-fabert.com\\\/cpge\\\/#\\\/schema\\\/person\\\/9989bc5c1ced64a924cefb9b14b6093e\"},\"headline\":\"Visite de l&rsquo;entreprise RESEDA\",\"datePublished\":\"2025-08-03T17:47:05+00:00\",\"dateModified\":\"2025-08-03T19:51:44+00:00\",\"mainEntityOfPage\":{\"@id\":\"https:\\\/\\\/www.prepas-fabert.com\\\/cpge\\\/visite-de-lentreprise-reseda\\\/\"},\"wordCount\":530,\"publisher\":{\"@id\":\"https:\\\/\\\/www.prepas-fabert.com\\\/cpge\\\/#organization\"},\"image\":{\"@id\":\"https:\\\/\\\/www.prepas-fabert.com\\\/cpge\\\/visite-de-lentreprise-reseda\\\/#primaryimage\"},\"thumbnailUrl\":\"https:\\\/\\\/www.prepas-fabert.com\\\/cpge\\\/wp-content\\\/uploads\\\/2025\\\/08\\\/RESEDA03.jpeg\",\"articleSection\":[\"Actualit\u00e9s\"],\"inLanguage\":\"fr-FR\"},{\"@type\":\"WebPage\",\"@id\":\"https:\\\/\\\/www.prepas-fabert.com\\\/cpge\\\/visite-de-lentreprise-reseda\\\/\",\"url\":\"https:\\\/\\\/www.prepas-fabert.com\\\/cpge\\\/visite-de-lentreprise-reseda\\\/\",\"name\":\"Visite de l'entreprise RESEDA\",\"isPartOf\":{\"@id\":\"https:\\\/\\\/www.prepas-fabert.com\\\/cpge\\\/#website\"},\"primaryImageOfPage\":{\"@id\":\"https:\\\/\\\/www.prepas-fabert.com\\\/cpge\\\/visite-de-lentreprise-reseda\\\/#primaryimage\"},\"image\":{\"@id\":\"https:\\\/\\\/www.prepas-fabert.com\\\/cpge\\\/visite-de-lentreprise-reseda\\\/#primaryimage\"},\"thumbnailUrl\":\"https:\\\/\\\/www.prepas-fabert.com\\\/cpge\\\/wp-content\\\/uploads\\\/2025\\\/08\\\/RESEDA03.jpeg\",\"datePublished\":\"2025-08-03T17:47:05+00:00\",\"dateModified\":\"2025-08-03T19:51:44+00:00\",\"description\":\"Visite industrielle des \u00e9tudiants MPSI \u00e0 la centrale multi-\u00e9nergies de Metz Chambi\u00e8re et au si\u00e8ge de R\u00e9s\u00e9da, d\u00e9couvrant les enjeux \u00e9nerg\u00e9tiques et techniques locaux\",\"breadcrumb\":{\"@id\":\"https:\\\/\\\/www.prepas-fabert.com\\\/cpge\\\/visite-de-lentreprise-reseda\\\/#breadcrumb\"},\"inLanguage\":\"fr-FR\",\"potentialAction\":[{\"@type\":\"ReadAction\",\"target\":[\"https:\\\/\\\/www.prepas-fabert.com\\\/cpge\\\/visite-de-lentreprise-reseda\\\/\"]}]},{\"@type\":\"ImageObject\",\"inLanguage\":\"fr-FR\",\"@id\":\"https:\\\/\\\/www.prepas-fabert.com\\\/cpge\\\/visite-de-lentreprise-reseda\\\/#primaryimage\",\"url\":\"https:\\\/\\\/www.prepas-fabert.com\\\/cpge\\\/wp-content\\\/uploads\\\/2025\\\/08\\\/RESEDA03.jpeg\",\"contentUrl\":\"https:\\\/\\\/www.prepas-fabert.com\\\/cpge\\\/wp-content\\\/uploads\\\/2025\\\/08\\\/RESEDA03.jpeg\",\"width\":1920,\"height\":864},{\"@type\":\"BreadcrumbList\",\"@id\":\"https:\\\/\\\/www.prepas-fabert.com\\\/cpge\\\/visite-de-lentreprise-reseda\\\/#breadcrumb\",\"itemListElement\":[{\"@type\":\"ListItem\",\"position\":1,\"name\":\"Accueil\",\"item\":\"https:\\\/\\\/www.prepas-fabert.com\\\/cpge\\\/\"},{\"@type\":\"ListItem\",\"position\":2,\"name\":\"Actualit\u00e9s\",\"item\":\"https:\\\/\\\/www.prepas-fabert.com\\\/cpge\\\/category\\\/actualites\\\/\"},{\"@type\":\"ListItem\",\"position\":3,\"name\":\"Visite de l&rsquo;entreprise RESEDA\"}]},{\"@type\":\"WebSite\",\"@id\":\"https:\\\/\\\/www.prepas-fabert.com\\\/cpge\\\/#website\",\"url\":\"https:\\\/\\\/www.prepas-fabert.com\\\/cpge\\\/\",\"name\":\"Classes Pr\u00e9paratoires aux Grandes Ecoles - Lyc\u00e9e Fabert (Metz)\",\"description\":\"Classes pr\u00e9pas scientifiques et \u00e9conomiques en Lorraine\",\"publisher\":{\"@id\":\"https:\\\/\\\/www.prepas-fabert.com\\\/cpge\\\/#organization\"},\"potentialAction\":[{\"@type\":\"SearchAction\",\"target\":{\"@type\":\"EntryPoint\",\"urlTemplate\":\"https:\\\/\\\/www.prepas-fabert.com\\\/cpge\\\/?s={search_term_string}\"},\"query-input\":{\"@type\":\"PropertyValueSpecification\",\"valueRequired\":true,\"valueName\":\"search_term_string\"}}],\"inLanguage\":\"fr-FR\"},{\"@type\":\"Organization\",\"@id\":\"https:\\\/\\\/www.prepas-fabert.com\\\/cpge\\\/#organization\",\"name\":\"CPGE du lyc\u00e9e Fabert (METZ)\",\"url\":\"https:\\\/\\\/www.prepas-fabert.com\\\/cpge\\\/\",\"logo\":{\"@type\":\"ImageObject\",\"inLanguage\":\"fr-FR\",\"@id\":\"https:\\\/\\\/www.prepas-fabert.com\\\/cpge\\\/#\\\/schema\\\/logo\\\/image\\\/\",\"url\":\"https:\\\/\\\/www.prepas-fabert.com\\\/cpge\\\/wp-content\\\/uploads\\\/2023\\\/03\\\/CPGEFABERT-2.png\",\"contentUrl\":\"https:\\\/\\\/www.prepas-fabert.com\\\/cpge\\\/wp-content\\\/uploads\\\/2023\\\/03\\\/CPGEFABERT-2.png\",\"width\":750,\"height\":750,\"caption\":\"CPGE du lyc\u00e9e Fabert (METZ)\"},\"image\":{\"@id\":\"https:\\\/\\\/www.prepas-fabert.com\\\/cpge\\\/#\\\/schema\\\/logo\\\/image\\\/\"},\"sameAs\":[\"https:\\\/\\\/www.facebook.com\\\/cpgefabert\\\/\",\"https:\\\/\\\/x.com\\\/CPGEFabert\",\"https:\\\/\\\/www.linkedin.com\\\/company\\\/lyc\u00e9e-fabert-metz-57\\\/mycompany\\\/\",\"https:\\\/\\\/www.youtube.com\\\/user\\\/CPGEfabert\\\/\",\"https:\\\/\\\/www.instagram.com\\\/cpgefabert\\\/\"]},{\"@type\":\"Person\",\"@id\":\"https:\\\/\\\/www.prepas-fabert.com\\\/cpge\\\/#\\\/schema\\\/person\\\/9989bc5c1ced64a924cefb9b14b6093e\",\"name\":\"Laurent PARISE\",\"image\":{\"@type\":\"ImageObject\",\"inLanguage\":\"fr-FR\",\"@id\":\"https:\\\/\\\/www.prepas-fabert.com\\\/cpge\\\/wp-content\\\/uploads\\\/2025\\\/06\\\/cropped-P2tourne2425-96x96.gif\",\"url\":\"https:\\\/\\\/www.prepas-fabert.com\\\/cpge\\\/wp-content\\\/uploads\\\/2025\\\/06\\\/cropped-P2tourne2425-96x96.gif\",\"contentUrl\":\"https:\\\/\\\/www.prepas-fabert.com\\\/cpge\\\/wp-content\\\/uploads\\\/2025\\\/06\\\/cropped-P2tourne2425-96x96.gif\",\"caption\":\"Laurent PARISE\"},\"sameAs\":[\"https:\\\/\\\/www.prepas-fabert.com\\\/cpge\"],\"url\":\"https:\\\/\\\/www.prepas-fabert.com\\\/cpge\\\/author\\\/mathematica\\\/\"}]}<\/script>\n<!-- \/ Yoast SEO plugin. -->","yoast_head_json":{"title":"Visite de l'entreprise RESEDA","description":"Visite industrielle des \u00e9tudiants MPSI \u00e0 la centrale multi-\u00e9nergies de Metz Chambi\u00e8re et au si\u00e8ge de R\u00e9s\u00e9da, d\u00e9couvrant les enjeux \u00e9nerg\u00e9tiques et techniques locaux","robots":{"index":"index","follow":"follow","max-snippet":"max-snippet:-1","max-image-preview":"max-image-preview:large","max-video-preview":"max-video-preview:-1"},"canonical":"https:\/\/www.prepas-fabert.com\/cpge\/visite-de-lentreprise-reseda\/","og_locale":"fr_FR","og_type":"article","og_title":"Visite de l'entreprise RESEDA","og_description":"Visite industrielle des \u00e9tudiants MPSI \u00e0 la centrale multi-\u00e9nergies de Metz Chambi\u00e8re et au si\u00e8ge de R\u00e9s\u00e9da, d\u00e9couvrant les enjeux \u00e9nerg\u00e9tiques et techniques locaux.","og_url":"https:\/\/www.prepas-fabert.com\/cpge\/visite-de-lentreprise-reseda\/","og_site_name":"Classes Pr\u00e9paratoires aux Grandes Ecoles - Lyc\u00e9e Fabert (Metz)","article_publisher":"https:\/\/www.facebook.com\/cpgefabert\/","article_published_time":"2025-08-03T17:47:05+00:00","article_modified_time":"2025-08-03T19:51:44+00:00","og_image":[{"width":1920,"height":864,"url":"https:\/\/www.prepas-fabert.com\/cpge\/wp-content\/uploads\/2025\/08\/RESEDA03.jpeg","type":"image\/jpeg"}],"author":"Laurent PARISE","twitter_card":"summary_large_image","twitter_title":"Visite de l'entreprise RESEDA","twitter_description":"Visite industrielle des \u00e9tudiants MPSI \u00e0 la centrale multi-\u00e9nergies de Metz Chambi\u00e8re et au si\u00e8ge de R\u00e9s\u00e9da, d\u00e9couvrant les enjeux \u00e9nerg\u00e9tiques et techniques locaux.","twitter_image":"https:\/\/www.prepas-fabert.com\/cpge\/wp-content\/uploads\/2025\/08\/RESEDA03.jpeg","twitter_creator":"@CPGEFabert","twitter_site":"@CPGEFabert","twitter_misc":{"\u00c9crit par":"Laurent PARISE","Dur\u00e9e de lecture estim\u00e9e":"3 minutes"},"schema":{"@context":"https:\/\/schema.org","@graph":[{"@type":"Article","@id":"https:\/\/www.prepas-fabert.com\/cpge\/visite-de-lentreprise-reseda\/#article","isPartOf":{"@id":"https:\/\/www.prepas-fabert.com\/cpge\/visite-de-lentreprise-reseda\/"},"author":{"name":"Laurent PARISE","@id":"https:\/\/www.prepas-fabert.com\/cpge\/#\/schema\/person\/9989bc5c1ced64a924cefb9b14b6093e"},"headline":"Visite de l&rsquo;entreprise RESEDA","datePublished":"2025-08-03T17:47:05+00:00","dateModified":"2025-08-03T19:51:44+00:00","mainEntityOfPage":{"@id":"https:\/\/www.prepas-fabert.com\/cpge\/visite-de-lentreprise-reseda\/"},"wordCount":530,"publisher":{"@id":"https:\/\/www.prepas-fabert.com\/cpge\/#organization"},"image":{"@id":"https:\/\/www.prepas-fabert.com\/cpge\/visite-de-lentreprise-reseda\/#primaryimage"},"thumbnailUrl":"https:\/\/www.prepas-fabert.com\/cpge\/wp-content\/uploads\/2025\/08\/RESEDA03.jpeg","articleSection":["Actualit\u00e9s"],"inLanguage":"fr-FR"},{"@type":"WebPage","@id":"https:\/\/www.prepas-fabert.com\/cpge\/visite-de-lentreprise-reseda\/","url":"https:\/\/www.prepas-fabert.com\/cpge\/visite-de-lentreprise-reseda\/","name":"Visite de l'entreprise RESEDA","isPartOf":{"@id":"https:\/\/www.prepas-fabert.com\/cpge\/#website"},"primaryImageOfPage":{"@id":"https:\/\/www.prepas-fabert.com\/cpge\/visite-de-lentreprise-reseda\/#primaryimage"},"image":{"@id":"https:\/\/www.prepas-fabert.com\/cpge\/visite-de-lentreprise-reseda\/#primaryimage"},"thumbnailUrl":"https:\/\/www.prepas-fabert.com\/cpge\/wp-content\/uploads\/2025\/08\/RESEDA03.jpeg","datePublished":"2025-08-03T17:47:05+00:00","dateModified":"2025-08-03T19:51:44+00:00","description":"Visite industrielle des \u00e9tudiants MPSI \u00e0 la centrale multi-\u00e9nergies de Metz Chambi\u00e8re et au si\u00e8ge de R\u00e9s\u00e9da, d\u00e9couvrant les enjeux \u00e9nerg\u00e9tiques et techniques locaux","breadcrumb":{"@id":"https:\/\/www.prepas-fabert.com\/cpge\/visite-de-lentreprise-reseda\/#breadcrumb"},"inLanguage":"fr-FR","potentialAction":[{"@type":"ReadAction","target":["https:\/\/www.prepas-fabert.com\/cpge\/visite-de-lentreprise-reseda\/"]}]},{"@type":"ImageObject","inLanguage":"fr-FR","@id":"https:\/\/www.prepas-fabert.com\/cpge\/visite-de-lentreprise-reseda\/#primaryimage","url":"https:\/\/www.prepas-fabert.com\/cpge\/wp-content\/uploads\/2025\/08\/RESEDA03.jpeg","contentUrl":"https:\/\/www.prepas-fabert.com\/cpge\/wp-content\/uploads\/2025\/08\/RESEDA03.jpeg","width":1920,"height":864},{"@type":"BreadcrumbList","@id":"https:\/\/www.prepas-fabert.com\/cpge\/visite-de-lentreprise-reseda\/#breadcrumb","itemListElement":[{"@type":"ListItem","position":1,"name":"Accueil","item":"https:\/\/www.prepas-fabert.com\/cpge\/"},{"@type":"ListItem","position":2,"name":"Actualit\u00e9s","item":"https:\/\/www.prepas-fabert.com\/cpge\/category\/actualites\/"},{"@type":"ListItem","position":3,"name":"Visite de l&rsquo;entreprise RESEDA"}]},{"@type":"WebSite","@id":"https:\/\/www.prepas-fabert.com\/cpge\/#website","url":"https:\/\/www.prepas-fabert.com\/cpge\/","name":"Classes Pr\u00e9paratoires aux Grandes Ecoles - Lyc\u00e9e Fabert (Metz)","description":"Classes pr\u00e9pas scientifiques et \u00e9conomiques en Lorraine","publisher":{"@id":"https:\/\/www.prepas-fabert.com\/cpge\/#organization"},"potentialAction":[{"@type":"SearchAction","target":{"@type":"EntryPoint","urlTemplate":"https:\/\/www.prepas-fabert.com\/cpge\/?s={search_term_string}"},"query-input":{"@type":"PropertyValueSpecification","valueRequired":true,"valueName":"search_term_string"}}],"inLanguage":"fr-FR"},{"@type":"Organization","@id":"https:\/\/www.prepas-fabert.com\/cpge\/#organization","name":"CPGE du lyc\u00e9e Fabert (METZ)","url":"https:\/\/www.prepas-fabert.com\/cpge\/","logo":{"@type":"ImageObject","inLanguage":"fr-FR","@id":"https:\/\/www.prepas-fabert.com\/cpge\/#\/schema\/logo\/image\/","url":"https:\/\/www.prepas-fabert.com\/cpge\/wp-content\/uploads\/2023\/03\/CPGEFABERT-2.png","contentUrl":"https:\/\/www.prepas-fabert.com\/cpge\/wp-content\/uploads\/2023\/03\/CPGEFABERT-2.png","width":750,"height":750,"caption":"CPGE du lyc\u00e9e Fabert (METZ)"},"image":{"@id":"https:\/\/www.prepas-fabert.com\/cpge\/#\/schema\/logo\/image\/"},"sameAs":["https:\/\/www.facebook.com\/cpgefabert\/","https:\/\/x.com\/CPGEFabert","https:\/\/www.linkedin.com\/company\/lyc\u00e9e-fabert-metz-57\/mycompany\/","https:\/\/www.youtube.com\/user\/CPGEfabert\/","https:\/\/www.instagram.com\/cpgefabert\/"]},{"@type":"Person","@id":"https:\/\/www.prepas-fabert.com\/cpge\/#\/schema\/person\/9989bc5c1ced64a924cefb9b14b6093e","name":"Laurent PARISE","image":{"@type":"ImageObject","inLanguage":"fr-FR","@id":"https:\/\/www.prepas-fabert.com\/cpge\/wp-content\/uploads\/2025\/06\/cropped-P2tourne2425-96x96.gif","url":"https:\/\/www.prepas-fabert.com\/cpge\/wp-content\/uploads\/2025\/06\/cropped-P2tourne2425-96x96.gif","contentUrl":"https:\/\/www.prepas-fabert.com\/cpge\/wp-content\/uploads\/2025\/06\/cropped-P2tourne2425-96x96.gif","caption":"Laurent PARISE"},"sameAs":["https:\/\/www.prepas-fabert.com\/cpge"],"url":"https:\/\/www.prepas-fabert.com\/cpge\/author\/mathematica\/"}]}},"_links":{"self":[{"href":"https:\/\/www.prepas-fabert.com\/cpge\/wp-json\/wp\/v2\/posts\/8164","targetHints":{"allow":["GET"]}}],"collection":[{"href":"https:\/\/www.prepas-fabert.com\/cpge\/wp-json\/wp\/v2\/posts"}],"about":[{"href":"https:\/\/www.prepas-fabert.com\/cpge\/wp-json\/wp\/v2\/types\/post"}],"author":[{"embeddable":true,"href":"https:\/\/www.prepas-fabert.com\/cpge\/wp-json\/wp\/v2\/users\/1"}],"replies":[{"embeddable":true,"href":"https:\/\/www.prepas-fabert.com\/cpge\/wp-json\/wp\/v2\/comments?post=8164"}],"version-history":[{"count":23,"href":"https:\/\/www.prepas-fabert.com\/cpge\/wp-json\/wp\/v2\/posts\/8164\/revisions"}],"predecessor-version":[{"id":8195,"href":"https:\/\/www.prepas-fabert.com\/cpge\/wp-json\/wp\/v2\/posts\/8164\/revisions\/8195"}],"wp:featuredmedia":[{"embeddable":true,"href":"https:\/\/www.prepas-fabert.com\/cpge\/wp-json\/wp\/v2\/media\/8168"}],"wp:attachment":[{"href":"https:\/\/www.prepas-fabert.com\/cpge\/wp-json\/wp\/v2\/media?parent=8164"}],"wp:term":[{"taxonomy":"category","embeddable":true,"href":"https:\/\/www.prepas-fabert.com\/cpge\/wp-json\/wp\/v2\/categories?post=8164"},{"taxonomy":"post_tag","embeddable":true,"href":"https:\/\/www.prepas-fabert.com\/cpge\/wp-json\/wp\/v2\/tags?post=8164"}],"curies":[{"name":"wp","href":"https:\/\/api.w.org\/{rel}","templated":true}]}}